{"id":1585,"date":"2016-08-25T15:02:14","date_gmt":"2016-08-25T18:02:14","guid":{"rendered":"https:\/\/fortaleza.wordcamp.org\/2016\/?p=1585"},"modified":"2016-08-25T17:52:25","modified_gmt":"2016-08-25T20:52:25","slug":"resultados-da-nossa-pesquisa-de-satisfacao","status":"publish","type":"post","link":"https:\/\/fortaleza.wordcamp.org\/2016\/resultados-da-nossa-pesquisa-de-satisfacao\/","title":{"rendered":"Resultados da Nossa Pesquisa de Satisfa\u00e7\u00e3o"},"content":{"rendered":"<h2>Conforme foi divulgado por email para os participantes. Estamos publicando o resultado da pesquisa de satisfa\u00e7\u00e3o do WordCamp Fortaleza 2016.<\/h2>\n<h2>Experi\u00eancia WordCamp:<\/h2>\n<p>98% acharam positiva a experi\u00eancia no WordCamp. Levando em considera\u00e7\u00e3o que \u00e9 um evento que nunca antes tinha ocorrido na cidade \u00e9 um resultado expressivo. 84% definiram a experi\u00eancia como muito boa ou excelente. E a grande maioria 60% excelente. Infelizmente, 1 pessoa achou a experi\u00eancia n\u00e3o muito boa.<\/p>\n<p><img loading=\"lazy\" decoding=\"async\" class=\"aligncenter size-full wp-image-1586\" src=\"https:\/\/fortaleza.wordcamp.org\/2016\/files\/2016\/08\/enquete-01.png\" alt=\"enquete 01\" width=\"985\" height=\"327\" srcset=\"https:\/\/fortaleza.wordcamp.org\/2016\/files\/2016\/08\/enquete-01.png 985w, https:\/\/fortaleza.wordcamp.org\/2016\/files\/2016\/08\/enquete-01-300x100.png 300w, https:\/\/fortaleza.wordcamp.org\/2016\/files\/2016\/08\/enquete-01-768x255.png 768w, https:\/\/fortaleza.wordcamp.org\/2016\/files\/2016\/08\/enquete-01-500x166.png 500w\" sizes=\"auto, (max-width: 985px) 100vw, 985px\" \/><\/p>\n<p>Fazendo um detalhamento dessa experi\u00eancia, as respostas foram essas:<\/p>\n<p><img loading=\"lazy\" decoding=\"async\" class=\"aligncenter size-full wp-image-1588\" src=\"https:\/\/fortaleza.wordcamp.org\/2016\/files\/2016\/08\/enquete-02.png\" alt=\"enquete-02\" width=\"979\" height=\"543\" srcset=\"https:\/\/fortaleza.wordcamp.org\/2016\/files\/2016\/08\/enquete-02.png 979w, https:\/\/fortaleza.wordcamp.org\/2016\/files\/2016\/08\/enquete-02-300x166.png 300w, https:\/\/fortaleza.wordcamp.org\/2016\/files\/2016\/08\/enquete-02-768x426.png 768w, https:\/\/fortaleza.wordcamp.org\/2016\/files\/2016\/08\/enquete-02-500x277.png 500w\" sizes=\"auto, (max-width: 979px) 100vw, 979px\" \/><\/p>\n<p>Os tr\u00eas aspectos mais positivos foram que as pessoas recomendariam um amigo ir a um WordCamp, foram incentivados a usar mais o WordPress e disseram que mal podem esperar para assistir outro WordCamp. Isso nos enche de orgulho por que s\u00e3o os objetivos principais de todos os WordCamps.<\/p>\n<p>Fica a li\u00e7\u00e3o para mais uma tentativa de conseguir fazer um &#8220;happiness bar&#8221; mais ativo. Talvez muitas pesssoas ainda n\u00e3o saibam o que \u00e9 esse item do WordCamp. Divulgar melhor que especialistas est\u00e3o ali para ajudar e talvez at\u00e9 divulgar na programa\u00e7\u00e3o oficial do evento com nomes de especialistas que estariam dando suporte em hor\u00e1rios especificos.<\/p>\n<h2>Valor de Um WordCamp:<\/h2>\n<p>Varios aspectos s\u00e3o planejados e organizados antes e durante o evento. Todos os organizadores e palestrantes s\u00e3o volunt\u00e1rios e os participantes reconheceram o valor desse trabalho \u00e1rduo em prol da comunidade e do evento. \u00a0Dois dos tr\u00eas primeiros itens mais valiosos, segundo as pessoas que responderam a enquete, foram os volunt\u00e1rios e as palestras. Mais um ponto positivo para o resultado geral do WordCamp Fortaleza 2016. Vale tambem mencionar que a socializa\u00e7\u00e3o e o network tamb\u00e9m foram bastante informados como muito valioso e ficaram em 2o lugar. Confira todas as respostas:<\/p>\n<p><img loading=\"lazy\" decoding=\"async\" class=\"aligncenter size-full wp-image-1590\" src=\"https:\/\/fortaleza.wordcamp.org\/2016\/files\/2016\/08\/enquete-03.png\" alt=\"enquete-03\" width=\"977\" height=\"579\" srcset=\"https:\/\/fortaleza.wordcamp.org\/2016\/files\/2016\/08\/enquete-03.png 977w, https:\/\/fortaleza.wordcamp.org\/2016\/files\/2016\/08\/enquete-03-300x178.png 300w, https:\/\/fortaleza.wordcamp.org\/2016\/files\/2016\/08\/enquete-03-768x455.png 768w, https:\/\/fortaleza.wordcamp.org\/2016\/files\/2016\/08\/enquete-03-500x296.png 500w\" sizes=\"auto, (max-width: 977px) 100vw, 977px\" \/><\/p>\n<h2>Palestras:<\/h2>\n<p>As palestras\u00a0foram consideradas os itens mais valiosos do WordCamp na resposta anterior. Segue as top 5 com mais votos de particularmente excelente (para ver a lista completa clique na imagem):<\/p>\n<p><a href=\"https:\/\/fortaleza.wordcamp.org\/2016\/files\/2016\/08\/enquete-04-full.png\"><img loading=\"lazy\" decoding=\"async\" class=\"aligncenter wp-image-1597 size-full\" src=\"https:\/\/fortaleza.wordcamp.org\/2016\/files\/2016\/08\/enquete-04-top5.png\" alt=\"Top 5 palestras do WordCamp Fortaleza\" width=\"981\" height=\"494\" srcset=\"https:\/\/fortaleza.wordcamp.org\/2016\/files\/2016\/08\/enquete-04-top5.png 981w, https:\/\/fortaleza.wordcamp.org\/2016\/files\/2016\/08\/enquete-04-top5-300x151.png 300w, https:\/\/fortaleza.wordcamp.org\/2016\/files\/2016\/08\/enquete-04-top5-768x387.png 768w, https:\/\/fortaleza.wordcamp.org\/2016\/files\/2016\/08\/enquete-04-top5-500x252.png 500w\" sizes=\"auto, (max-width: 981px) 100vw, 981px\" \/><\/a><\/p>\n<p>&nbsp;<\/p>\n<p>Algumas <a href=\"https:\/\/fortaleza.wordcamp.org\/2016\/files\/2016\/08\/enquete-05-full.png\">poucas palestras ficaram abaixo da expectativa<\/a> e receberam alguns votos negativos, vale ressaltar que bem menos do que os votos positivos. \u00a0Se for o caso da sua palestra e voc\u00ea queira saber mais informa\u00e7\u00f5es, entre em contato com a organiza\u00e7\u00e3o para receber algumas dicas para melhorar sua performance.<\/p>\n<h2>Almo\u00e7o:<\/h2>\n<p>86% gostou do almo\u00e7o e ninguem votou negativamente. Ficando a certeza que a alimenta\u00e7\u00e3o foi justa pelo pre\u00e7o do ingresso.<\/p>\n<p><img loading=\"lazy\" decoding=\"async\" class=\"aligncenter size-full wp-image-1600\" src=\"https:\/\/fortaleza.wordcamp.org\/2016\/files\/2016\/08\/enquete-06.png\" alt=\"enquete-06\" width=\"982\" height=\"314\" srcset=\"https:\/\/fortaleza.wordcamp.org\/2016\/files\/2016\/08\/enquete-06.png 982w, https:\/\/fortaleza.wordcamp.org\/2016\/files\/2016\/08\/enquete-06-300x96.png 300w, https:\/\/fortaleza.wordcamp.org\/2016\/files\/2016\/08\/enquete-06-768x246.png 768w, https:\/\/fortaleza.wordcamp.org\/2016\/files\/2016\/08\/enquete-06-500x160.png 500w\" sizes=\"auto, (max-width: 982px) 100vw, 982px\" \/><\/p>\n<h2>Organiza\u00e7\u00e3o:<\/h2>\n<p>Organizar um WordCamp \u00e9 um trabalho colossal. S\u00f3 realmente sabe disso quem algum dia j\u00e1 se volunt\u00e1riou para realizar um. Levando-se em considera\u00e7\u00e3o que foi a 1a vez que um evento assim foi realizado na cidade, que a equipe de organizadores era muito pequena, que o principal organizador n\u00e3o vive na cidade (uma excess\u00e3o \u00e0 regra concedidade pela funda\u00e7\u00e3o) e que o mentor tamb\u00e9m n\u00e3o \u00e9 da comunidade local, ter 90.32% de votos positivos, sendo desses 62.90% votos de excelente, \u00e9 muito gratificante. Claro que tudo pode ser melhorado, ainda mais agora com a experi\u00eancia adquirida, mais volunt\u00e1rios participando da comunidade local e tendo o apoio da Faculdade Farias Brito j\u00e1 definido para os pr\u00f3ximos meetups e para o WordCamp Fortaleza 2017. A expectativa \u00e9 que ano que vem o evento seja ainda melhor e maior.<\/p>\n<p><img loading=\"lazy\" decoding=\"async\" class=\"aligncenter size-full wp-image-1601\" src=\"https:\/\/fortaleza.wordcamp.org\/2016\/files\/2016\/08\/enquete-07.png\" alt=\"enquete-07\" width=\"976\" height=\"262\" srcset=\"https:\/\/fortaleza.wordcamp.org\/2016\/files\/2016\/08\/enquete-07.png 976w, https:\/\/fortaleza.wordcamp.org\/2016\/files\/2016\/08\/enquete-07-300x81.png 300w, https:\/\/fortaleza.wordcamp.org\/2016\/files\/2016\/08\/enquete-07-768x206.png 768w, https:\/\/fortaleza.wordcamp.org\/2016\/files\/2016\/08\/enquete-07-500x134.png 500w\" sizes=\"auto, (max-width: 976px) 100vw, 976px\" \/><\/p>\n<h2>Festa P\u00f3s-Evento:<\/h2>\n<p>Cerca de 100 pessoas haviam dito na inscri\u00e7\u00e3o para o evento que iriam comparecer ao WordCana. No entanto apenas umas 20 pessoas foram. Algo para os organizadores pensarem no ano que vem. Fica tamb\u00e9m o aprendizado que, onde quer que seja o evento, se utilize contas individuais. De qualquer forma, das pessoas que votaram e foram ao &#8220;WordCana&#8221; 75% acharam a experi\u00eancia positiva.<\/p>\n<p><img loading=\"lazy\" decoding=\"async\" class=\"aligncenter size-full wp-image-1602\" src=\"https:\/\/fortaleza.wordcamp.org\/2016\/files\/2016\/08\/enquete-08.png\" alt=\"enquete-08\" width=\"982\" height=\"310\" srcset=\"https:\/\/fortaleza.wordcamp.org\/2016\/files\/2016\/08\/enquete-08.png 982w, https:\/\/fortaleza.wordcamp.org\/2016\/files\/2016\/08\/enquete-08-300x95.png 300w, https:\/\/fortaleza.wordcamp.org\/2016\/files\/2016\/08\/enquete-08-768x242.png 768w, https:\/\/fortaleza.wordcamp.org\/2016\/files\/2016\/08\/enquete-08-500x158.png 500w\" sizes=\"auto, (max-width: 982px) 100vw, 982px\" \/><\/p>\n<h2>Local do WordCamp:<\/h2>\n<p>A Faculdade Farias Brito e o FBIdeias foram fundamentais no sucesso do WordCamp Fortaleza 2016. Prova maior disso \u00e9\u00a0que mais de 95% acharam positiva o local do WordCamp. Sendo quase 65% de excelente.<\/p>\n<p><img loading=\"lazy\" decoding=\"async\" class=\"aligncenter size-full wp-image-1603\" src=\"https:\/\/fortaleza.wordcamp.org\/2016\/files\/2016\/08\/enquete-09.png\" alt=\"enquete-09\" width=\"988\" height=\"269\" srcset=\"https:\/\/fortaleza.wordcamp.org\/2016\/files\/2016\/08\/enquete-09.png 988w, https:\/\/fortaleza.wordcamp.org\/2016\/files\/2016\/08\/enquete-09-300x82.png 300w, https:\/\/fortaleza.wordcamp.org\/2016\/files\/2016\/08\/enquete-09-768x209.png 768w, https:\/\/fortaleza.wordcamp.org\/2016\/files\/2016\/08\/enquete-09-500x136.png 500w\" sizes=\"auto, (max-width: 988px) 100vw, 988px\" \/><\/p>\n<h2>Sugest\u00f5es\/Criticas\/Elogios dos Participantes:<\/h2>\n<p>Por recomenda\u00e7\u00e3o da funda\u00e7\u00e3o n\u00e3o podemos divulgar informa\u00e7\u00f5es pessoais no resultado da enquete. Caso voc\u00ea tenha sugerido algo para organiza\u00e7\u00e3o do pr\u00f3ximo ano, saiba que os organizadores est\u00e3o cientes das respostas e dos itens que podem ser melhorados. Apesar das dificuldades internas que nem sempre todos os participantes compreendem, estaremos sempre tentando melhorar e realizar a melhor experi\u00eancia poss\u00edvel para todos.<\/p>\n<h2>Ajuda para 2017:<\/h2>\n<p>Muita gente que respondeu a enquete se prontificou a ajudar voluntariamente ano que vem. No evento os organizadores conversaram tamb\u00e9m com muita gente de Fortaleza que se disponibilizaram ajudar. Ponto positivo e mais um objetivo alcan\u00e7ado do evento esse ano. Sabemos que para realizar um evento o mais perfeito possivel \u00e9 primordial a participa\u00e7\u00e3o de mais organizadores e volunt\u00e1rios. Esperamos contar realmente com o apoio de todos, n\u00e3o s\u00f3 para o WordCamp 2017 mas como para o <a href=\"http:\/\/wpfortaleza.com.br\">meetups regulares da comunidade WordPress em Fortaleza<\/a>.<\/p>\n<p><img loading=\"lazy\" decoding=\"async\" class=\"aligncenter size-full wp-image-1604\" src=\"https:\/\/fortaleza.wordcamp.org\/2016\/files\/2016\/08\/enquete-11.png\" alt=\"enquete-11\" width=\"983\" height=\"209\" srcset=\"https:\/\/fortaleza.wordcamp.org\/2016\/files\/2016\/08\/enquete-11.png 983w, https:\/\/fortaleza.wordcamp.org\/2016\/files\/2016\/08\/enquete-11-300x64.png 300w, https:\/\/fortaleza.wordcamp.org\/2016\/files\/2016\/08\/enquete-11-768x163.png 768w, https:\/\/fortaleza.wordcamp.org\/2016\/files\/2016\/08\/enquete-11-500x106.png 500w\" sizes=\"auto, (max-width: 983px) 100vw, 983px\" \/><\/p>\n<h2>Meetup de WordPress em Fortaleza:<\/h2>\n<p>Mais outro objetivo alcan\u00e7ado, muita gente ainda n\u00e3o conhecia ou n\u00e3o tinha ido aos meetups de WordPress em Fortaleza. Mais de 50% das pessoas disseram que v\u00e3o entrar e participar. <a href=\"http:\/\/wpfortaleza.com.br\">Clique aqui se voc\u00ea \u00e9 uma dessas pessoas e n\u00e3o entrou ainda para comunidade WordPress de Fortaleza<\/a>.<\/p>\n<p><img loading=\"lazy\" decoding=\"async\" class=\"aligncenter size-full wp-image-1605\" src=\"https:\/\/fortaleza.wordcamp.org\/2016\/files\/2016\/08\/enquete-12.png\" alt=\"enquete-12\" width=\"981\" height=\"329\" srcset=\"https:\/\/fortaleza.wordcamp.org\/2016\/files\/2016\/08\/enquete-12.png 981w, https:\/\/fortaleza.wordcamp.org\/2016\/files\/2016\/08\/enquete-12-300x101.png 300w, https:\/\/fortaleza.wordcamp.org\/2016\/files\/2016\/08\/enquete-12-768x258.png 768w, https:\/\/fortaleza.wordcamp.org\/2016\/files\/2016\/08\/enquete-12-500x168.png 500w\" sizes=\"auto, (max-width: 981px) 100vw, 981px\" \/><\/p>\n<p>&nbsp;<\/p>\n<h2>Conclus\u00e3o:<\/h2>\n<p>Como os americanos costumam dizer: &#8220;<em>There&#8217;s always room for improvement<\/em>&#8220;. Sabemos que podemos e vamos melhorar para os pr\u00f3ximos eventos. Tanto por que mais gente boa, com diversas experi\u00eancias e habilidades, se prontificaram a se aproximar da <a href=\"http:\/\/wpfortaleza.com.br\">comunidade WordPress de Fortaleza<\/a>, como tamb\u00e9m por que agora a comunidade local tem um referencial do primeiro evento WordCamp realizado na cidade. Os resultados da enquete mostram que todo o sacrif\u00edcio e esfor\u00e7o dos organizadores que come\u00e7aram trabalhar para realizar o evento desde 2015 foram justificados. A experi\u00eancia foi enriquecedora para grande maioria, <strong>todos os principais objetivos foram alcan\u00e7ados e o futuro promete ser grandioso<\/strong>. N\u00f3s tamb\u00e9m j\u00e1 estamos ansiosos para os pr\u00f3ximos meetups e realiza\u00e7\u00e3o do WordCamp Fortaleza 2017. Mais uma vez, nosso muito obrigado \u00e0 dedica\u00e7\u00e3o e trabalho de os todos volunt\u00e1rios, patrocinadores, palestrantes e participantes. Esperamos que o WordCamp Fortaleza 2016 deixe um legado e que essa foto se repita in\u00fameras vezes nos pr\u00f3ximos anos.<\/p>\n<p><a href=\"https:\/\/fortaleza.wordcamp.org\/2016\/files\/2016\/08\/13934766_856277394509920_7658318540853359351_n.jpg\"><img loading=\"lazy\" decoding=\"async\" class=\"aligncenter wp-image-1425\" src=\"https:\/\/fortaleza.wordcamp.org\/2016\/files\/2016\/08\/13934766_856277394509920_7658318540853359351_n-300x74.jpg\" alt=\"Participantes WordCamp Fortaleza 2017\" width=\"600\" height=\"148\" srcset=\"https:\/\/fortaleza.wordcamp.org\/2016\/files\/2016\/08\/13934766_856277394509920_7658318540853359351_n-300x74.jpg 300w, https:\/\/fortaleza.wordcamp.org\/2016\/files\/2016\/08\/13934766_856277394509920_7658318540853359351_n-768x190.jpg 768w, https:\/\/fortaleza.wordcamp.org\/2016\/files\/2016\/08\/13934766_856277394509920_7658318540853359351_n-500x123.jpg 500w, https:\/\/fortaleza.wordcamp.org\/2016\/files\/2016\/08\/13934766_856277394509920_7658318540853359351_n.jpg 960w\" sizes=\"auto, (max-width: 600px) 100vw, 600px\" \/><\/a><\/p>\n","protected":false},"excerpt":{"rendered":"<p>Conforme foi divulgado por email para os participantes. Estamos publicando o resultado da pesquisa de satisfa\u00e7\u00e3o do WordCamp Fortaleza 2016. Experi\u00eancia WordCamp: 98% acharam positiva a experi\u00eancia no WordCamp. Levando em considera\u00e7\u00e3o que \u00e9 um evento que nunca antes tinha &hellip; <a href=\"https:\/\/fortaleza.wordcamp.org\/2016\/resultados-da-nossa-pesquisa-de-satisfacao\/\">Continue lendo <span class=\"assistive-text\">Resultados da Nossa Pesquisa de Satisfa\u00e7\u00e3o<\/span>  <span class=\"meta-nav\">&rarr;<\/span><\/a><\/p>\n","protected":false},"author":10023711,"featured_media":1588,"comment_status":"open","ping_status":"open","sticky":false,"template":"","format":"standard","meta":{"_crdt_document":"","jetpack_post_was_ever_published":false,"_jetpack_newsletter_access":"","_jetpack_dont_email_post_to_subs":false,"_jetpack_newsletter_tier_id":0,"_jetpack_memberships_contains_paywalled_content":false,"_jetpack_memberships_contains_paid_content":false,"footnotes":""},"categories":[862749],"tags":[181,967994],"class_list":["post-1585","post","type-post","status-publish","format-standard","has-post-thumbnail","hentry","category-ultimas-noticias","tag-enquete","tag-resultado"],"jetpack_featured_media_url":"https:\/\/fortaleza.wordcamp.org\/2016\/files\/2016\/08\/enquete-02.png","jetpack_sharing_enabled":true,"jetpack_shortlink":"https:\/\/wp.me\/p7nbJR-pz","jetpack_likes_enabled":true,"_links":{"self":[{"href":"https:\/\/fortaleza.wordcamp.org\/2016\/wp-json\/wp\/v2\/posts\/1585","targetHints":{"allow":["GET"]}}],"collection":[{"href":"https:\/\/fortaleza.wordcamp.org\/2016\/wp-json\/wp\/v2\/posts"}],"about":[{"href":"https:\/\/fortaleza.wordcamp.org\/2016\/wp-json\/wp\/v2\/types\/post"}],"author":[{"embeddable":true,"href":"https:\/\/fortaleza.wordcamp.org\/2016\/wp-json\/wp\/v2\/users\/10023711"}],"replies":[{"embeddable":true,"href":"https:\/\/fortaleza.wordcamp.org\/2016\/wp-json\/wp\/v2\/comments?post=1585"}],"version-history":[{"count":18,"href":"https:\/\/fortaleza.wordcamp.org\/2016\/wp-json\/wp\/v2\/posts\/1585\/revisions"}],"predecessor-version":[{"id":1622,"href":"https:\/\/fortaleza.wordcamp.org\/2016\/wp-json\/wp\/v2\/posts\/1585\/revisions\/1622"}],"wp:featuredmedia":[{"embeddable":true,"href":"https:\/\/fortaleza.wordcamp.org\/2016\/wp-json\/wp\/v2\/media\/1588"}],"wp:attachment":[{"href":"https:\/\/fortaleza.wordcamp.org\/2016\/wp-json\/wp\/v2\/media?parent=1585"}],"wp:term":[{"taxonomy":"category","embeddable":true,"href":"https:\/\/fortaleza.wordcamp.org\/2016\/wp-json\/wp\/v2\/categories?post=1585"},{"taxonomy":"post_tag","embeddable":true,"href":"https:\/\/fortaleza.wordcamp.org\/2016\/wp-json\/wp\/v2\/tags?post=1585"}],"curies":[{"name":"wp","href":"https:\/\/api.w.org\/{rel}","templated":true}]}}