{"id":3,"date":"2016-03-23T17:57:26","date_gmt":"2016-03-23T17:57:26","guid":{"rendered":"https:\/\/fortaleza.wordcamp.org\/2016\/2016\/03\/23\/welcome-to-wordcamp-fortaleza-2016\/"},"modified":"2016-06-21T21:46:57","modified_gmt":"2016-06-22T00:46:57","slug":"welcome-to-wordcamp-fortaleza-2016","status":"publish","type":"post","link":"https:\/\/fortaleza.wordcamp.org\/2016\/welcome-to-wordcamp-fortaleza-2016\/","title":{"rendered":"Bem vindo ao WordCamp Fortaleza 2016"},"content":{"rendered":"<p>Estamos muito empolgados e felizes por anunciar que o <strong><span style=\"color: red\">WordCamp Fortaleza<\/span><\/strong>\u00a0esta oficialmente marcado no calend\u00e1rio dos estusiastas dessa poderosa ferramenta de gerenciamento de conte\u00fado!<\/p>\n<h2><span style=\"color: red\">WordCamp Fortaleza<\/span>\u00a0ser\u00e1 realizado nos dias\u00a0<strong><span style=\"color: red\">13 e 14 de Agosto<\/span><\/strong>\u00a0no\u00a0<span style=\"color: #ff0000\">FBIDeias<\/span>.<\/h2>\n<p><span style=\"color: red\">Fa\u00e7a sua assinatura se cadastrando no formul\u00e1rio dessa p\u00e1gina<\/span><span style=\"color: red;text-decoration: underline\">\u00a0<\/span>\u00a0para ficar por dentro das nossas \u00faltimas noticias. Nos iremos te deixar atualizado sobre tudo que vai acontecer nesse evento que vai marcar Fortaleza no universo Open Source. Iremos divulgar requisi\u00e7\u00f5es de palestrantes, venda de ingressos e muito mais!<\/p>\n<p><a href=\"https:\/\/fortaleza.wordcamp.org\/2016\/guia-de-sobrevivencia\/perguntas-e-respostas-frequentes\/\">Saiba mais sobre o WordCamp Fortaleza<\/a><\/p>\n","protected":false},"excerpt":{"rendered":"<p>Estamos muito empolgados e felizes por anunciar que o WordCamp Fortaleza\u00a0esta oficialmente marcado no calend\u00e1rio dos estusiastas dessa poderosa ferramenta de gerenciamento de conte\u00fado! WordCamp Fortaleza\u00a0ser\u00e1 realizado nos dias\u00a013 e 14 de Agosto\u00a0no\u00a0FBIDeias. Fa\u00e7a sua assinatura se cadastrando no formul\u00e1rio &hellip; <a href=\"https:\/\/fortaleza.wordcamp.org\/2016\/welcome-to-wordcamp-fortaleza-2016\/\">Continue lendo <span class=\"assistive-text\">Bem vindo ao WordCamp Fortaleza 2016<\/span>  <span class=\"meta-nav\">&rarr;<\/span><\/a><\/p>\n","protected":false},"author":10023711,"featured_media":0,"comment_status":"open","ping_status":"open","sticky":false,"template":"","format":"standard","meta":{"_crdt_document":"","jetpack_post_was_ever_published":false,"_jetpack_newsletter_access":"","_jetpack_dont_email_post_to_subs":false,"_jetpack_newsletter_tier_id":0,"_jetpack_memberships_contains_paywalled_content":false,"_jetpack_memberships_contains_paid_content":false,"footnotes":""},"categories":[862749],"tags":[],"class_list":["post-3","post","type-post","status-publish","format-standard","hentry","category-ultimas-noticias"],"jetpack_featured_media_url":"","jetpack_sharing_enabled":true,"jetpack_shortlink":"https:\/\/wp.me\/p7nbJR-3","jetpack_likes_enabled":true,"_links":{"self":[{"href":"https:\/\/fortaleza.wordcamp.org\/2016\/wp-json\/wp\/v2\/posts\/3","targetHints":{"allow":["GET"]}}],"collection":[{"href":"https:\/\/fortaleza.wordcamp.org\/2016\/wp-json\/wp\/v2\/posts"}],"about":[{"href":"https:\/\/fortaleza.wordcamp.org\/2016\/wp-json\/wp\/v2\/types\/post"}],"author":[{"embeddable":true,"href":"https:\/\/fortaleza.wordcamp.org\/2016\/wp-json\/wp\/v2\/users\/10023711"}],"replies":[{"embeddable":true,"href":"https:\/\/fortaleza.wordcamp.org\/2016\/wp-json\/wp\/v2\/comments?post=3"}],"version-history":[{"count":6,"href":"https:\/\/fortaleza.wordcamp.org\/2016\/wp-json\/wp\/v2\/posts\/3\/revisions"}],"predecessor-version":[{"id":300,"href":"https:\/\/fortaleza.wordcamp.org\/2016\/wp-json\/wp\/v2\/posts\/3\/revisions\/300"}],"wp:attachment":[{"href":"https:\/\/fortaleza.wordcamp.org\/2016\/wp-json\/wp\/v2\/media?parent=3"}],"wp:term":[{"taxonomy":"category","embeddable":true,"href":"https:\/\/fortaleza.wordcamp.org\/2016\/wp-json\/wp\/v2\/categories?post=3"},{"taxonomy":"post_tag","embeddable":true,"href":"https:\/\/fortaleza.wordcamp.org\/2016\/wp-json\/wp\/v2\/tags?post=3"}],"curies":[{"name":"wp","href":"https:\/\/api.w.org\/{rel}","templated":true}]}}