{"id":476,"date":"2016-07-06T22:03:31","date_gmt":"2016-07-07T01:03:31","guid":{"rendered":"https:\/\/fortaleza.wordcamp.org\/2016\/?p=476"},"modified":"2016-07-07T14:28:39","modified_gmt":"2016-07-07T17:28:39","slug":"por-que-voce-deve-enviar-sua-proposta-de-palestra","status":"publish","type":"post","link":"https:\/\/fortaleza.wordcamp.org\/2016\/por-que-voce-deve-enviar-sua-proposta-de-palestra\/","title":{"rendered":"Por qu\u00ea voc\u00ea deve enviar sua proposta de palestra?"},"content":{"rendered":"<h2>Fortaleza \u00e9 uma terra m\u00e1gica e cheia de luz. Tem maneira melhor de se sentir produtivo do que se preparando e planejando para palestrar em um WordCamp?<\/h2>\n<p>Voc\u00ea pode estar ocupado escrevendo aquele plugin, ou o seu pr\u00f3ximo post, redesenhando o tema do seu site, ou mesmo curtindo umas belas f\u00e9rias, isso n\u00e3o impede de come\u00e7ar a pensar na sua pr\u00f3xima apresenta\u00e7\u00e3o. Quem j\u00e1 palestrou em um WordCamp sabe que o sentimento, de dever cumprido, de ter ajudado alguem e retribuido para comunidade WordPress, \u00e9 realizador.<\/p>\n<h3>Quando \u00e9 o pr\u00f3ximo WordCamp?<\/h3>\n<p>O WordCamp Fortaleza ser\u00e1 dia 13 e 14 de Agosto, mas as propostas de palestras ser\u00e3o encerradas no dia 13 de Julho. No dia 14 ser\u00e3o divulgadas as palestras e a programa\u00e7\u00e3o.<\/p>\n<p><a href=\"https:\/\/fortaleza.wordcamp.org\/2016\/2016\/06\/10\/call-for-speakers\/\"><img loading=\"lazy\" decoding=\"async\" class=\"aligncenter size-large wp-image-479\" src=\"https:\/\/fortaleza.wordcamp.org\/2016\/files\/2016\/07\/WordCamp-Fortaleza-Call-For-Speakers-WEB-1024x1024.png\" alt=\"WordCamp-Fortaleza-Call-For-Speakers-WEB\" width=\"640\" height=\"640\" srcset=\"https:\/\/fortaleza.wordcamp.org\/2016\/files\/2016\/07\/WordCamp-Fortaleza-Call-For-Speakers-WEB-1024x1024.png 1024w, https:\/\/fortaleza.wordcamp.org\/2016\/files\/2016\/07\/WordCamp-Fortaleza-Call-For-Speakers-WEB-150x150.png 150w, https:\/\/fortaleza.wordcamp.org\/2016\/files\/2016\/07\/WordCamp-Fortaleza-Call-For-Speakers-WEB-300x300.png 300w, https:\/\/fortaleza.wordcamp.org\/2016\/files\/2016\/07\/WordCamp-Fortaleza-Call-For-Speakers-WEB-768x768.png 768w, https:\/\/fortaleza.wordcamp.org\/2016\/files\/2016\/07\/WordCamp-Fortaleza-Call-For-Speakers-WEB-1000x1000.png 1000w, https:\/\/fortaleza.wordcamp.org\/2016\/files\/2016\/07\/WordCamp-Fortaleza-Call-For-Speakers-WEB.png 1200w\" sizes=\"auto, (max-width: 640px) 100vw, 640px\" \/><\/a><\/p>\n<p>No entanto, existem WordCamps acontecendo no mundo todo. Foram 89 realizados em 2015. Sendo 42 nos Estados Unidos, no Brasil foram 4 WordCamps.<\/p>\n<p>Agora em 2016, a comunidade Brasileira esta planejando realizar 6 WordCamps. o pr\u00f3ximo ser\u00e1 em <a href=\"https:\/\/2016.belohorizonte.wordcamp.org\/\">Belo Horizonte,\u00a023 de Julho na UniBH<\/a>.<\/p>\n<p>Para ficar sabendo de todos os WordCamps que acontecem no mundo visite a p\u00e1gina <a href=\"https:\/\/central.wordcamp.org\/\">WordCamp Central<\/a>. Para saber os WordCamps do Brasil visite o <a href=\"https:\/\/wpbrasil.org\/\">site oficial da comunidade Brasileira<\/a>.<\/p>\n<h3>Devo aplicar para palestrar em outras cidades ou s\u00f3 na minha regi\u00e3o?<\/h3>\n<p>As duas s\u00e3o boas op\u00e7\u00f5es. Quando voc\u00ea n\u00e3o \u00e9 do local, voc\u00ea pode trazer uma boa nova perspectiva e encorajar a participa\u00e7\u00e3o. No entanto, se voc\u00ea esta procurando criar uma rede local ou gerar neg\u00f3cios na cidade, a sua comunidade WordPress \u00e9 o melhor local para iniciar. V\u00e1rias vezes, a comunidade local esta procurando por novos palestrantes da cidade que possa adicionar valor e id\u00e9ias para os muito assuntos do momento.<\/p>\n<p>Nesse video, \u201c<a class=\"fancybox-youtube\" href=\"https:\/\/youtu.be\/xcmI5SSQLmE\">Obvious to you. Amazing to others<\/a>\u201d (\u00d3bvio para voc\u00ea, extraordin\u00e1rio para os outros), o autor encoraja as pessoas para re-avaliarem a maneira que voc\u00ea v\u00ea suas pr\u00f3prias id\u00e9ias. Em vez de ser auto-critico, Derek Sivers aconselha &#8220;Externar seu ponto de vista e deixar que o mundo decida&#8221;. Em muitas formas, \u00e9 assim que a comunidade WordPress funciona. Tem uma id\u00e9ia de plugin? Construa, compartilhe. <a href=\"https:\/\/fortaleza.wordcamp.org\/2016\/2016\/06\/10\/call-for-speakers\/\">Tem uma id\u00e9ia de palestra? Envie!<\/a><\/p>\n<p>De\u00a0acordo com o &#8220;<a href=\"https:\/\/plan.wordcamp.org\/planning-details\/speakers\/\">WordCamp Planning<\/a>&#8221; (guia de planejamento de WordCamps) o alvo \u00e9 ter um percentual de 80\/20 (local e fora). No entanto essa regra no Brasil v\u00e1ria muito. No \u00faltimo WordCamp em Minas Gerais foram 50% de BH.<\/p>\n<blockquote><p>&#8220;WordCamps s\u00e3o destinados para fomentar a comunidade local. Se todos os palestrantes\u00a0s\u00e3o de fora da cidade, significa que os especialistas locais (ou pessoas que poderiam se tornar especialistas) n\u00e3o v\u00e3o obter a exposi\u00e7\u00e3o que resulta de falar em\u00a0um WordCamp &#8211; tanto na comunidade local e na comunidade em geral atrav\u00e9s dos v\u00eddeos postados no <a href=\"http:\/\/wordpress.tv\">WordPress.tv<\/a> ap\u00f3s o evento. D\u00ea sua comunidade uma oportunidade para estruturar\u00a0as coisas e ter a sua cota de\u00a0aten\u00e7\u00e3o!&#8221;<\/p><\/blockquote>\n<h3>Aqui v\u00e3o algumas das raz\u00f5es para enviar sua proposta de palestra:<\/h3>\n<ol>\n<li>Ajuda voc\u00ea desenvolver melhor e mais claramente suas id\u00e9ias;<\/li>\n<li>Vai te dar visibilidade como pessoa e profissionalmente;<\/li>\n<li>Ajuda a comunidade WordPress dando sua retribui\u00e7\u00e3o.<\/li>\n<\/ol>\n<p>Lembre-se, tipicamente as chances de ser escolhido como palestrante s\u00e3o maiores na cidade\/regi\u00e3o que voc\u00ea mora.<\/p>\n<h3>Mito: Somente desenvolvedores e programadores podem palestrar em WordCamps.<\/h3>\n<p>Muita gente pensa que para palestrar em WordCamp \u00e9 preciso ter profundos conhecimentos de WordPress, do c\u00f3digo, de plugins e temas. Na realidade a grande parte\u00a0de palestras s\u00e3o sobre neg\u00f3cios, comunidade, \u00a0marketing, conte\u00fado, seguran\u00e7a&#8230; Claro que algumas sess\u00f5es focam em aspectos mais t\u00e9cnicos mas veja aqui os videos do <a href=\"https:\/\/wordpress.tv\/event\/wordcamp-europe-2016\/\">WordCamp Europe 2016<\/a>. Na lateral voc\u00ea pode ver os assuntos (nuvem de tags) mencionados em todos os videos de WordCamps. A \u00fanica &#8220;exig\u00eancia&#8221; em WordCamps \u00e9 que se cumpra o <a href=\"https:\/\/fortaleza.wordcamp.org\/2016\/sobre-o-evento\/codigo-de-conduta\/\">c\u00f3digo de conduta<\/a> que s\u00e3o regras de senso comum.<\/p>\n<h3>Como melhorar o desenvolvimento das id\u00e9ias na sua palestra e se preparar?<\/h3>\n<p>Id\u00e9ias para serem solidificadas, precisam sair do papel, precisam ser executadas. \u00c9 muito importante ter uma deadline (prazo de entrega), pois d\u00e1 a voc\u00ea mesmo o senso de responsabilidade naquele seu estimado projeto. Isso \u00e9 comumente chamado &#8220;foco direcional&#8221;.<\/p>\n<p>Baseado na nossa experi\u00eancia, os assuntos mais interessantes s\u00e3o origin\u00e1rios de li\u00e7\u00f5es aprendidas e experi\u00eancias de concluir projetos desafiadores.<br \/>\nMesmo falhas pode ser um bom tema para apresenta\u00e7\u00f5es Wordcamp e pode ter um forte impacto sobre os participantes. Qual era o problema? Como voc\u00ea conseguiu resolv\u00ea-lo? Essas estrat\u00e9gias e t\u00e1ticas de ajudar os outros na comunidade que, muito provavelmente, ir\u00e3o encarar os mesmos desafios.<\/p>\n<p>Muitos de n\u00f3s <em>WordPressers<\/em> fomos atra\u00eddos para esta comunidade pela\u00a0liberdade profissional di\u00e1ria que WP oferece\u00a0em nossas carreiras. Se voc\u00ea \u00e9 um n\u00f4made digital ou uma m\u00e3e que quer trabalhar de casa, WordPress pode ajud\u00e1-lo a alcan\u00e7ar as metas dentro e fora de sua vida profissional.<\/p>\n<p>Open Source estimula a colabora\u00e7\u00e3o, d\u00e1 a chance de muitos freelancers e pequenas ag\u00eancias de conhecerem uns aos outros em um WordCamp e, eventualmente, trabalhar em projetos maiores ou clientes empresariais juntos. Falando sobre como voc\u00ea capta clientes, experi\u00eancias com estrat\u00e9gias de blogs, ou integrar uma API\u00a0com o seu plugin ir\u00e1 dar-lhe visibilidade. Isto ir\u00e1 aumentar a sua probabilidade de parceria com outros para realizar neg\u00f3cios e objetivos pessoais.<\/p>\n<h2>Palestrar em WordCamp \u00e9, acima de tudo, retribuir para comunidade!<\/h2>\n<p>No WordCamp de Orange County 2015 na Calif\u00f3rnia, Chris Ford disse que a maneira favorita de contribuir com WordPress \u00e9 palestrando. Sua palestra &#8220;<strong>Voc\u00ea n\u00e3o precisa ser um programador do c\u00f3digo fonte para retribuir<\/strong>&#8221; esta disponivel em <a href=\"https:\/\/videopress.com\/v\/ILAlyBZf)\">v\u00eddeo<\/a>.\u00a0&#8220;Uma das raz\u00f5es que eu ensino \u00e9 por causa da generosidade da Comunidade WordPress&#8221; &#8211; Chris Ford.<\/p>\n<blockquote><p><strong>Independentemente de sua habilidade, voc\u00ea tem algu\u00e9m para ensinar e algu\u00e9m para aprender. Voc\u00ea pode ser novato ou um veterano, mas se voc\u00ea est\u00e1 aberto \u00e0 aprendizagem, voc\u00ea tem algo a ensinar.<\/strong><\/p><\/blockquote>\n<p>Ent\u00e3o, o que est\u00e1 prendendo voc\u00ea de sugerir sua palestra? Que temas voc\u00ea acha que tem sido ausente de WordCamps? Qual \u00e9 a sua paix\u00e3o? Como \u00e9 que quer retribuir?<\/p>\n<h2><a href=\"https:\/\/fortaleza.wordcamp.org\/2016\/2016\/06\/10\/call-for-speakers\/\"><strong>Ainda d\u00e1 tempo, envia sua proposta de palestra para o WordCamp Fortaleza j\u00e1!<\/strong><\/a><\/h2>\n<p><span style=\"color: #808080\">p.s.: Esse post foi inspirado na postagem de Devil Walker\u00a0<a href=\"http:\/\/wordimpress.com\/apply-speak-wordcamp\/\">Why should you apply to speak at WordCamp?<\/a><\/span><\/p>\n","protected":false},"excerpt":{"rendered":"<p>Aqui v\u00e3o algumas das raz\u00f5es para enviar sua proposta de palestra:<\/p>\n<p>Ajuda voc\u00ea desenvolver melhor e mais claramente suas id\u00e9ias;<br \/>\nVai te dar visibilidade como pessoa e profissionalmente;<br \/>\nAjuda a comunidade WordPress dando sua retribui\u00e7\u00e3o. <a href=\"https:\/\/fortaleza.wordcamp.org\/2016\/por-que-voce-deve-enviar-sua-proposta-de-palestra\/\">Continue lendo <span class=\"assistive-text\">Por qu\u00ea voc\u00ea deve enviar sua proposta de palestra?<\/span>  <span class=\"meta-nav\">&rarr;<\/span><\/a><\/p>\n","protected":false},"author":10023711,"featured_media":479,"comment_status":"open","ping_status":"open","sticky":false,"template":"","format":"standard","meta":{"_crdt_document":"","jetpack_post_was_ever_published":false,"_jetpack_newsletter_access":"","_jetpack_dont_email_post_to_subs":false,"_jetpack_newsletter_tier_id":0,"_jetpack_memberships_contains_paywalled_content":false,"_jetpack_memberships_contains_paid_content":false,"footnotes":""},"categories":[20610,333],"tags":[25],"class_list":["post-476","post","type-post","status-publish","format-standard","has-post-thumbnail","hentry","category-palestrantes","category-voluntarios","tag-wordcamp"],"jetpack_featured_media_url":"https:\/\/fortaleza.wordcamp.org\/2016\/files\/2016\/07\/WordCamp-Fortaleza-Call-For-Speakers-WEB.png","jetpack_sharing_enabled":true,"jetpack_shortlink":"https:\/\/wp.me\/p7nbJR-7G","jetpack_likes_enabled":true,"_links":{"self":[{"href":"https:\/\/fortaleza.wordcamp.org\/2016\/wp-json\/wp\/v2\/posts\/476","targetHints":{"allow":["GET"]}}],"collection":[{"href":"https:\/\/fortaleza.wordcamp.org\/2016\/wp-json\/wp\/v2\/posts"}],"about":[{"href":"https:\/\/fortaleza.wordcamp.org\/2016\/wp-json\/wp\/v2\/types\/post"}],"author":[{"embeddable":true,"href":"https:\/\/fortaleza.wordcamp.org\/2016\/wp-json\/wp\/v2\/users\/10023711"}],"replies":[{"embeddable":true,"href":"https:\/\/fortaleza.wordcamp.org\/2016\/wp-json\/wp\/v2\/comments?post=476"}],"version-history":[{"count":25,"href":"https:\/\/fortaleza.wordcamp.org\/2016\/wp-json\/wp\/v2\/posts\/476\/revisions"}],"predecessor-version":[{"id":505,"href":"https:\/\/fortaleza.wordcamp.org\/2016\/wp-json\/wp\/v2\/posts\/476\/revisions\/505"}],"wp:featuredmedia":[{"embeddable":true,"href":"https:\/\/fortaleza.wordcamp.org\/2016\/wp-json\/wp\/v2\/media\/479"}],"wp:attachment":[{"href":"https:\/\/fortaleza.wordcamp.org\/2016\/wp-json\/wp\/v2\/media?parent=476"}],"wp:term":[{"taxonomy":"category","embeddable":true,"href":"https:\/\/fortaleza.wordcamp.org\/2016\/wp-json\/wp\/v2\/categories?post=476"},{"taxonomy":"post_tag","embeddable":true,"href":"https:\/\/fortaleza.wordcamp.org\/2016\/wp-json\/wp\/v2\/tags?post=476"}],"curies":[{"name":"wp","href":"https:\/\/api.w.org\/{rel}","templated":true}]}}